{"id":2821,"date":"2025-05-17T21:49:01","date_gmt":"2025-05-17T21:49:01","guid":{"rendered":"https:\/\/sutauat.org\/sitio\/?p=2821"},"modified":"2025-05-18T21:55:28","modified_gmt":"2025-05-18T21:55:28","slug":"dia-del-maestro-reynosa","status":"publish","type":"post","link":"https:\/\/sutauat.org\/sitio\/dia-del-maestro-reynosa\/","title":{"rendered":"Festejo d\u00eda del Maestro, Reynosa"},"content":{"rendered":"<p>El Sindicato \u00danico de Trabajadores Acad\u00e9micos de la Universidad Aut\u00f3noma de Tamaulipas, hace la m\u00e1s cordial invitaci\u00f3n para todos los docentes sindicalizados de Reynosa pertenecientes a esta casa de estudios, a que nos acompa\u00f1en en el festejo del D\u00eda del Maestro.<\/p>\n<p>\ud83d\udcc5Fecha: 21 de mayo de 2025<br \/>\n\ud83d\udcccLugar: Legacy<br \/>\n\u231a\ufe0fDe 19:00 a 22:00 h<\/p>\n<p>\u00a1Los esperamos!<\/p>\n<p>Unidad Acad\u00e9mica Multidisciplinaria Reynosa Aztl\u00e1n Uamra Uat, Unidad Acad\u00e9mica Multidisciplinaria Reynosa Rodhe UAT &#8211; UAMRR<\/p>\n<p>#LaUATseTransforma #PorLaSuperaci\u00f3nAcad\u00e9micayLaboral #SomosSUTAUAT #UAT #CdVictoria #NuevoLaredo #Reynosa #RioBravo #Matamoros #ValleHermoso #Mante #Tampico #SanFernando #Madero #SUTAUAT #UnaUniversidadHumanista<img loading=\"lazy\" decoding=\"async\" class=\"alignnone size-full wp-image-2822\" src=\"https:\/\/sutauat.org\/sitio\/wp-content\/uploads\/2025\/05\/IMG_1490.jpeg\" alt=\"\" width=\"1179\" height=\"1742\" srcset=\"https:\/\/sutauat.org\/sitio\/wp-content\/uploads\/2025\/05\/IMG_1490.jpeg 1179w, https:\/\/sutauat.org\/sitio\/wp-content\/uploads\/2025\/05\/IMG_1490-203x300.jpeg 203w, https:\/\/sutauat.org\/sitio\/wp-content\/uploads\/2025\/05\/IMG_1490-693x1024.jpeg 693w, https:\/\/sutauat.org\/sitio\/wp-content\/uploads\/2025\/05\/IMG_1490-768x1135.jpeg 768w, https:\/\/sutauat.org\/sitio\/wp-content\/uploads\/2025\/05\/IMG_1490-1040x1536.jpeg 1040w\" sizes=\"auto, (max-width: 1179px) 100vw, 1179px\" \/><\/p>\n","protected":false},"excerpt":{"rendered":"<p>El Sindicato \u00danico de Trabajadores Acad\u00e9micos de la Universidad Aut\u00f3noma de Tamaulipas, hace la m\u00e1s cordial invitaci\u00f3n para todos los docentes sindicalizados de Reynosa pertenecientes a esta casa de estudios, a que nos acompa\u00f1en en el festejo del D\u00eda del Maestro. \ud83d\udcc5Fecha: 21 de mayo de 2025 \ud83d\udcccLugar: Legacy \u231a\ufe0fDe 19:00 a 22:00 h \u00a1Los [&hellip;]<\/p>\n","protected":false},"author":1,"featured_media":2822,"comment_status":"closed","ping_status":"closed","sticky":false,"template":"","format":"standard","meta":{"footnotes":""},"categories":[2,8,3],"tags":[],"class_list":["post-2821","post","type-post","status-publish","format-standard","has-post-thumbnail","hentry","category-avisos","category-difusion","category-noticias"],"_links":{"self":[{"href":"https:\/\/sutauat.org\/sitio\/wp-json\/wp\/v2\/posts\/2821","targetHints":{"allow":["GET"]}}],"collection":[{"href":"https:\/\/sutauat.org\/sitio\/wp-json\/wp\/v2\/posts"}],"about":[{"href":"https:\/\/sutauat.org\/sitio\/wp-json\/wp\/v2\/types\/post"}],"author":[{"embeddable":true,"href":"https:\/\/sutauat.org\/sitio\/wp-json\/wp\/v2\/users\/1"}],"replies":[{"embeddable":true,"href":"https:\/\/sutauat.org\/sitio\/wp-json\/wp\/v2\/comments?post=2821"}],"version-history":[{"count":3,"href":"https:\/\/sutauat.org\/sitio\/wp-json\/wp\/v2\/posts\/2821\/revisions"}],"predecessor-version":[{"id":2825,"href":"https:\/\/sutauat.org\/sitio\/wp-json\/wp\/v2\/posts\/2821\/revisions\/2825"}],"wp:featuredmedia":[{"embeddable":true,"href":"https:\/\/sutauat.org\/sitio\/wp-json\/wp\/v2\/media\/2822"}],"wp:attachment":[{"href":"https:\/\/sutauat.org\/sitio\/wp-json\/wp\/v2\/media?parent=2821"}],"wp:term":[{"taxonomy":"category","embeddable":true,"href":"https:\/\/sutauat.org\/sitio\/wp-json\/wp\/v2\/categories?post=2821"},{"taxonomy":"post_tag","embeddable":true,"href":"https:\/\/sutauat.org\/sitio\/wp-json\/wp\/v2\/tags?post=2821"}],"curies":[{"name":"wp","href":"https:\/\/api.w.org\/{rel}","templated":true}]}}