{"id":2940,"date":"2025-11-25T14:49:57","date_gmt":"2025-11-25T14:49:57","guid":{"rendered":"https:\/\/sutauat.org\/sitio\/?p=2940"},"modified":"2025-11-26T15:11:50","modified_gmt":"2025-11-26T15:11:50","slug":"diplomado-en-tanatologia-y-sentido-de-vida","status":"publish","type":"post","link":"https:\/\/sutauat.org\/sitio\/diplomado-en-tanatologia-y-sentido-de-vida\/","title":{"rendered":"Diplomado en Tanatolog\u00eda y sentido de vida"},"content":{"rendered":"<p>&nbsp;<\/p>\n<p style=\"text-align: center;\">\u00a1En ANDEPTA te damos la bienvenida! Somos una asociaci\u00f3n preocupada por la creciente problem\u00e1tica en materia de salud mental y tanatolog\u00eda y las evidentes deficiencias en pol\u00edticas p\u00fablicas relacionadas a estas \u00e1reas. El prop\u00f3sito de este diplomado es brindarte herramientas te\u00f3rico-metodol\u00f3gicas de la Tanatolog\u00eda, cuidados paliativos y logoterapia, para dar acompa\u00f1amiento a las personas en su proceso de vida-muerte, as\u00ed como en las diferentes p\u00e9rdidas significativas por las que pasa todo ser humano.<\/p>\n<p>\u00a0 \u00a0 \u00a0 \u00a0 \u00a0 \u00a0 \u00a0 \u00a0 \u00a0 \u00a0 \u00a0 \u00a0 \u00a0 \u00a0 \u00a0 \u00a0 \u00a0 \u00a0 \u00a0 \u00a0 \u00a0 \u00a0 \u00a0 \u00a0 \u00a0 \u00a0 \u00a0 \u00a0 \u00a0 \u00a0 \u00a0 \u00a0 \u00a0 \u00a0 \u00a0 \u00a0 \u00a0 \u00a0 \u00a0 \u00a0 \u00a0 \u00a0 \u00a0 \u00a0 \u00a0 \u00a0 \u00a0 \u00a0 \u00a0 \u00a0 \u00a0 \u00a0 \u00a0 \u00a0 \u00a0 \u00a0 \u00a0 \u00a0 \u00a0 \u00a0 \u00a0 \u00a0 \u00a0 \u00a0 \u00a0 \u00a0 \u00a0 \u00a0 \u00a0 \u00a0 \u00a0 \u00a0 \u00a0 \u00a0 \u00a0 \u00a0 \u00a0 \u00a0 \u00a0 \u00a0 \u00a0 \u00a0 \u00a0 \u00a0 \u00a0 \u00a0 \u00a0 \u00a0 \u00a0 \u00a0 \u00a0 \u00a0 \u00a0 \u00a0 \u00a0visita el siguiente link<\/p>\n<h1 style=\"text-align: center;\"><a href=\"https:\/\/sutauat.org\/sitio\/wp-content\/uploads\/2025\/11\/ANDEPTA-Diplomado-info-2025.pdf\">\u00a0ANDEPTA Diplomado info 2025<\/a><\/h1>\n","protected":false},"excerpt":{"rendered":"<p>&nbsp; \u00a1En ANDEPTA te damos la bienvenida! Somos una asociaci\u00f3n preocupada por la creciente problem\u00e1tica en materia de salud mental y tanatolog\u00eda y las evidentes deficiencias en pol\u00edticas p\u00fablicas relacionadas a estas \u00e1reas. El prop\u00f3sito de este diplomado es brindarte herramientas te\u00f3rico-metodol\u00f3gicas de la Tanatolog\u00eda, cuidados paliativos y logoterapia, para dar acompa\u00f1amiento a las personas [&hellip;]<\/p>\n","protected":false},"author":1,"featured_media":2943,"comment_status":"closed","ping_status":"closed","sticky":false,"template":"","format":"standard","meta":{"footnotes":""},"categories":[9,8,3],"tags":[],"class_list":["post-2940","post","type-post","status-publish","format-standard","has-post-thumbnail","hentry","category-convocatorias","category-difusion","category-noticias"],"_links":{"self":[{"href":"https:\/\/sutauat.org\/sitio\/wp-json\/wp\/v2\/posts\/2940","targetHints":{"allow":["GET"]}}],"collection":[{"href":"https:\/\/sutauat.org\/sitio\/wp-json\/wp\/v2\/posts"}],"about":[{"href":"https:\/\/sutauat.org\/sitio\/wp-json\/wp\/v2\/types\/post"}],"author":[{"embeddable":true,"href":"https:\/\/sutauat.org\/sitio\/wp-json\/wp\/v2\/users\/1"}],"replies":[{"embeddable":true,"href":"https:\/\/sutauat.org\/sitio\/wp-json\/wp\/v2\/comments?post=2940"}],"version-history":[{"count":5,"href":"https:\/\/sutauat.org\/sitio\/wp-json\/wp\/v2\/posts\/2940\/revisions"}],"predecessor-version":[{"id":2947,"href":"https:\/\/sutauat.org\/sitio\/wp-json\/wp\/v2\/posts\/2940\/revisions\/2947"}],"wp:featuredmedia":[{"embeddable":true,"href":"https:\/\/sutauat.org\/sitio\/wp-json\/wp\/v2\/media\/2943"}],"wp:attachment":[{"href":"https:\/\/sutauat.org\/sitio\/wp-json\/wp\/v2\/media?parent=2940"}],"wp:term":[{"taxonomy":"category","embeddable":true,"href":"https:\/\/sutauat.org\/sitio\/wp-json\/wp\/v2\/categories?post=2940"},{"taxonomy":"post_tag","embeddable":true,"href":"https:\/\/sutauat.org\/sitio\/wp-json\/wp\/v2\/tags?post=2940"}],"curies":[{"name":"wp","href":"https:\/\/api.w.org\/{rel}","templated":true}]}}